{"id":372,"date":"2024-12-17T11:25:05","date_gmt":"2024-12-17T11:25:05","guid":{"rendered":"https:\/\/schachverein-gretenberg.de\/?p=372"},"modified":"2024-12-17T11:25:05","modified_gmt":"2024-12-17T11:25:05","slug":"weihnachtsgruesse","status":"publish","type":"post","link":"https:\/\/schachverein-gretenberg.de\/?p=372","title":{"rendered":"Weihnachtsgr\u00fc\u00dfe"},"content":{"rendered":"\n<p>Liebe Schachfreunde,<\/p>\n\n\n\n<p>das Jahr neigt sich dem Ende zu, und wie auf dem Schachbrett gibt es Momente, in denen man innehalten und \u00fcber die n\u00e4chsten Z\u00fcge nachdenken sollte. Wir m\u00f6chten uns bei allen Mitgliedern, Spielern und Unterst\u00fctzern bedanken, die unser Vereinsleben mit so viel Engagement und Freude bereichern.<\/p>\n\n\n\n<p>M\u00f6ge euer Weihnachtsfest so harmonisch verlaufen wie eine perfekt gespielte Partie und das neue Jahr voller spannender Z\u00fcge und positiver \u00dcberraschungen sein.<\/p>\n\n\n\n<p>Wir w\u00fcnschen euch und euren Familien eine frohe und besinnliche Weihnachtszeit sowie ein gesundes und erfolgreiches neues Jahr!<\/p>\n\n\n\n<p>Mit herzlichen Gr\u00fc\u00dfen<\/p>\n\n\n\n<p>Euer Schachverein Gretenberg<\/p>\n\n\n\n<figure class=\"wp-block-image size-full\"><img loading=\"lazy\" decoding=\"async\" width=\"1024\" height=\"1024\" src=\"https:\/\/schachverein-gretenberg.de\/wp-content\/uploads\/2024\/12\/Schach-weihnachten.webp\" alt=\"\" class=\"wp-image-373\" srcset=\"https:\/\/schachverein-gretenberg.de\/wp-content\/uploads\/2024\/12\/Schach-weihnachten.webp 1024w, https:\/\/schachverein-gretenberg.de\/wp-content\/uploads\/2024\/12\/Schach-weihnachten-300x300.webp 300w, https:\/\/schachverein-gretenberg.de\/wp-content\/uploads\/2024\/12\/Schach-weihnachten-150x150.webp 150w, https:\/\/schachverein-gretenberg.de\/wp-content\/uploads\/2024\/12\/Schach-weihnachten-768x768.webp 768w\" sizes=\"auto, (max-width: 1024px) 100vw, 1024px\" \/><\/figure>\n","protected":false},"excerpt":{"rendered":"<p>Liebe Schachfreunde, das Jahr neigt sich dem Ende zu, und wie auf dem Schachbrett gibt es Momente, in denen man innehalten und \u00fcber die n\u00e4chsten Z\u00fcge nachdenken sollte. Wir m\u00f6chten uns bei allen Mitgliedern, Spielern und Unterst\u00fctzern bedanken, die unser Vereinsleben mit so viel Engagement und Freude bereichern. M\u00f6ge euer Weihnachtsfest so harmonisch verlaufen wie&hellip;<a href=\"https:\/\/schachverein-gretenberg.de\/?p=372\" class=\"more-link\"><span>Weiterlesen<\/span><span class=\"screen-reader-text\">Weihnachtsgr\u00fc\u00dfe<\/span><\/a><\/p>\n","protected":false},"author":1,"featured_media":0,"comment_status":"open","ping_status":"open","sticky":false,"template":"","format":"standard","meta":{"footnotes":""},"categories":[1],"tags":[],"class_list":["post-372","post","type-post","status-publish","format-standard","hentry","category-uncategorized"],"_links":{"self":[{"href":"https:\/\/schachverein-gretenberg.de\/index.php?rest_route=\/wp\/v2\/posts\/372","targetHints":{"allow":["GET"]}}],"collection":[{"href":"https:\/\/schachverein-gretenberg.de\/index.php?rest_route=\/wp\/v2\/posts"}],"about":[{"href":"https:\/\/schachverein-gretenberg.de\/index.php?rest_route=\/wp\/v2\/types\/post"}],"author":[{"embeddable":true,"href":"https:\/\/schachverein-gretenberg.de\/index.php?rest_route=\/wp\/v2\/users\/1"}],"replies":[{"embeddable":true,"href":"https:\/\/schachverein-gretenberg.de\/index.php?rest_route=%2Fwp%2Fv2%2Fcomments&post=372"}],"version-history":[{"count":1,"href":"https:\/\/schachverein-gretenberg.de\/index.php?rest_route=\/wp\/v2\/posts\/372\/revisions"}],"predecessor-version":[{"id":374,"href":"https:\/\/schachverein-gretenberg.de\/index.php?rest_route=\/wp\/v2\/posts\/372\/revisions\/374"}],"wp:attachment":[{"href":"https:\/\/schachverein-gretenberg.de\/index.php?rest_route=%2Fwp%2Fv2%2Fmedia&parent=372"}],"wp:term":[{"taxonomy":"category","embeddable":true,"href":"https:\/\/schachverein-gretenberg.de\/index.php?rest_route=%2Fwp%2Fv2%2Fcategories&post=372"},{"taxonomy":"post_tag","embeddable":true,"href":"https:\/\/schachverein-gretenberg.de\/index.php?rest_route=%2Fwp%2Fv2%2Ftags&post=372"}],"curies":[{"name":"wp","href":"https:\/\/api.w.org\/{rel}","templated":true}]}}